{"id":165063,"date":"2018-09-10T12:08:08","date_gmt":"2018-09-10T17:08:08","guid":{"rendered":"https:\/\/dev.lasikvisioninstitute.com\/historia-de-un-paciente-de-lasik-ryan-s\/"},"modified":"2018-09-10T12:08:08","modified_gmt":"2018-09-10T17:08:08","slug":"historia-de-un-paciente-de-lasik-ryan-s","status":"publish","type":"post","link":"https:\/\/www.lasikvisioninstitute.com\/es\/historia-de-un-paciente-de-lasik-ryan-s\/","title":{"rendered":"Historia de un paciente de LASIK: Ryan S."},"content":{"rendered":"<h2>Un paciente real de cirug\u00eda ocular con l\u00e1ser &#8211; Ryan S.<\/h2>\n<p><iframe src=\"https:\/\/www.youtube.com\/embed\/nv9c1looXlE\" width=\"600\" height=\"338\" frameborder=\"0\" allowfullscreen=\"allowfullscreen\"><\/iframe><\/p>\n<p>\u00bfEst\u00e1s cansado de lidiar con las molestias diarias y los inconvenientes que conllevan las gafas o las lentes de contacto? Todos los d\u00edas, la gente toma la decisi\u00f3n de ponerse en contacto con el Instituto de la Visi\u00f3n LASIK y dar los primeros pasos hacia las libertades del estilo de vida que conlleva una visi\u00f3n m\u00e1s clara. Ryan S., un paciente real del LASIK Vision Institute, tom\u00f3 la decisi\u00f3n de someterse a la cirug\u00eda ocular LASIK tras a\u00f1os de llevar gafas y lentes de contacto. En el siguiente v\u00eddeo, descubrir\u00e1s por qu\u00e9 Ryan decidi\u00f3 someterse a una intervenci\u00f3n LASIK, c\u00f3mo fue su <a href=\"\/why-choose-us\/\">experiencia en el LASIK Vision Institute<\/a> y c\u00f3mo disfruta de las ventajas de la cirug\u00eda ocular con l\u00e1ser.<\/p>\n<h3>\u00bfC\u00f3mo era la vida antes del LASIK?<\/h3>\n<p>&#8220;Antes de mi intervenci\u00f3n llevaba lentes de contacto todo el tiempo, y tengo alergias muy fuertes. Usar lentillas para m\u00ed siempre era una molestia&#8221;.<\/p>\n<h3>\u00bfC\u00f3mo fue tu experiencia en el LASIK Vision Institute?<\/h3>\n<p>&#8220;El LASIK Vision Institute pudo trabajar conmigo para que fuera asequible. El d\u00eda de la intervenci\u00f3n, cuando entr\u00e9, el cirujano me explic\u00f3 cada paso del proceso. Todo el mundo fue muy atento y amable. Para m\u00ed, toda la experiencia fue muy gratificante&#8221;.<\/p>\n<h3>\u00bfC\u00f3mo te sentiste el d\u00eda de la operaci\u00f3n?<\/h3>\n<p>&#8220;Cuando me despert\u00e9 despu\u00e9s de hacerme la intervenci\u00f3n, me sorprendi\u00f3 lo que pod\u00eda ver. Pod\u00eda ver mi despertador. Pod\u00eda ver la televisi\u00f3n. Todo es mucho m\u00e1s n\u00edtido&#8221;.<\/p>\n<h3>\u00bfLa cirug\u00eda ocular LASIK fue la decisi\u00f3n correcta?<\/h3>\n<p>&#8220;Someterme a LASIK fue definitivamente la elecci\u00f3n correcta para m\u00ed. Despu\u00e9s de hacerme el LASIK, me sent\u00ed libre. Pude salir y disfrutar de la vida y hacer las cosas que quer\u00eda hacer, sin preocupaciones ni molestias.&#8221;<\/p>\n<h3>\u00bfQu\u00e9 es lo que m\u00e1s te gusta de la vida despu\u00e9s del LASIK?<\/h3>\n<p>&#8220;Es realmente un proceso f\u00e1cil. La cirug\u00eda LASIK me cambi\u00f3 la vida. Pude nadar. Buceo sin preocuparme por mis lentes de contacto. Con LASIK, puedo disfrutar mucho m\u00e1s de la vida. <a href=\"\/why-choose-us\/\">Sin duda, recomendar\u00eda el Instituto de la Visi\u00f3n LAS<\/a>IK. Gracias, LASIK Vision Institute, por hacerme la vida m\u00e1s f\u00e1cil y por cambiar mi vida&#8221;.<\/p>\n<p>\u00bfEst\u00e1s preparado para saber m\u00e1s sobre la cirug\u00eda ocular con l\u00e1ser, con la ayuda de un equipo experto y experimentado? Empieza por concertar una consulta gratuita en tu centro local del LASIK Vision Institute. Puedes programar tu consulta gratuita llamando directamente o rellenando un formulario r\u00e1pido en nuestro sitio web. Tu consulta gratuita es la oportunidad perfecta para hacer preguntas, obtener m\u00e1s informaci\u00f3n sobre las opciones de financiaci\u00f3n y pago, y conocer a tu equipo local del LASIK Vision Institute.<\/p>\n","protected":false},"excerpt":{"rendered":"<p>Un paciente real de cirug\u00eda ocular con l\u00e1ser &#8211; Ryan S. \u00bfEst\u00e1s cansado de lidiar con las molestias diarias y los inconvenientes que conllevan las gafas o las lentes de contacto? Todos los d\u00edas, la gente toma la decisi\u00f3n de ponerse en contacto con el Instituto de la Visi\u00f3n LASIK y dar los primeros pasos [&hellip;]<\/p>\n","protected":false},"author":33,"featured_media":0,"comment_status":"closed","ping_status":"closed","sticky":false,"template":"","format":"standard","meta":{"_acf_changed":false,"footnotes":""},"categories":[888,926],"class_list":{"0":"post-165063","1":"post","2":"type-post","3":"status-publish","4":"format-standard","6":"category-sin-categorizar","7":"category-testimonios-sobre-lasik"},"acf":[],"yoast_head":"<!-- This site is optimized with the Yoast SEO plugin v27.5 - https:\/\/yoast.com\/product\/yoast-seo-wordpress\/ -->\n<title>Una real - Instituto de la Visi\u00f3n LASIK<\/title>\n<meta name=\"description\" content=\"Ryan, un paciente real del LASIK Vision Institute, tom\u00f3 la decisi\u00f3n de someterse a la cirug\u00eda ocular LASIK tras a\u00f1os de llevar gafas y lentes de contacto.\" \/>\n<meta name=\"robots\" content=\"index, follow, max-snippet:-1, max-image-preview:large, max-video-preview:-1\" \/>\n<link rel=\"canonical\" href=\"https:\/\/www.lasikvisioninstitute.com\/es\/historia-de-un-paciente-de-lasik-ryan-s\/\" \/>\n<meta property=\"og:locale\" content=\"es_ES\" \/>\n<meta property=\"og:type\" content=\"article\" \/>\n<meta property=\"og:title\" content=\"Una real - Instituto de la Visi\u00f3n LASIK\" \/>\n<meta property=\"og:description\" content=\"Ryan, un paciente real del LASIK Vision Institute, tom\u00f3 la decisi\u00f3n de someterse a la cirug\u00eda ocular LASIK tras a\u00f1os de llevar gafas y lentes de contacto.\" \/>\n<meta property=\"og:url\" content=\"https:\/\/www.lasikvisioninstitute.com\/es\/historia-de-un-paciente-de-lasik-ryan-s\/\" \/>\n<meta property=\"og:site_name\" content=\"The LASIK Vision Institute\" \/>\n<meta property=\"article:published_time\" content=\"2018-09-10T17:08:08+00:00\" \/>\n<meta property=\"og:image\" content=\"https:\/\/www.lasikvisioninstitute.com\/wp-content\/uploads\/2018\/09\/LASIK-Patient-Ryan-S..png\" \/>\n<meta name=\"author\" content=\"Eddy Gilfilen\" \/>\n<meta name=\"twitter:card\" content=\"summary_large_image\" \/>\n<meta name=\"twitter:image\" content=\"https:\/\/www.lasikvisioninstitute.com\/wp-content\/uploads\/2018\/09\/LASIK-Patient-Ryan-S..png\" \/>\n<script type=\"application\/ld+json\" class=\"yoast-schema-graph\">{\"@context\":\"https:\\\/\\\/schema.org\",\"@graph\":[{\"@type\":\"Article\",\"@id\":\"https:\\\/\\\/www.lasikvisioninstitute.com\\\/es\\\/historia-de-un-paciente-de-lasik-ryan-s\\\/#article\",\"isPartOf\":{\"@id\":\"https:\\\/\\\/www.lasikvisioninstitute.com\\\/es\\\/historia-de-un-paciente-de-lasik-ryan-s\\\/\"},\"author\":{\"name\":\"Eddy Gilfilen\",\"@id\":\"https:\\\/\\\/www.lasikvisioninstitute.com\\\/es\\\/#\\\/schema\\\/person\\\/ea7971f4d2f8a112a879b47a50aedb6b\"},\"headline\":\"Historia de un paciente de LASIK: Ryan S.\",\"datePublished\":\"2018-09-10T17:08:08+00:00\",\"mainEntityOfPage\":{\"@id\":\"https:\\\/\\\/www.lasikvisioninstitute.com\\\/es\\\/historia-de-un-paciente-de-lasik-ryan-s\\\/\"},\"wordCount\":504,\"publisher\":{\"@id\":\"https:\\\/\\\/www.lasikvisioninstitute.com\\\/es\\\/#organization\"},\"articleSection\":[\"Sin categorizar\",\"Testimonios sobre LASIK\"],\"inLanguage\":\"es-ES\"},{\"@type\":\"WebPage\",\"@id\":\"https:\\\/\\\/www.lasikvisioninstitute.com\\\/es\\\/historia-de-un-paciente-de-lasik-ryan-s\\\/\",\"url\":\"https:\\\/\\\/www.lasikvisioninstitute.com\\\/es\\\/historia-de-un-paciente-de-lasik-ryan-s\\\/\",\"name\":\"Una real - Instituto de la Visi\u00f3n LASIK\",\"isPartOf\":{\"@id\":\"https:\\\/\\\/www.lasikvisioninstitute.com\\\/es\\\/#website\"},\"datePublished\":\"2018-09-10T17:08:08+00:00\",\"description\":\"Ryan, un paciente real del LASIK Vision Institute, tom\u00f3 la decisi\u00f3n de someterse a la cirug\u00eda ocular LASIK tras a\u00f1os de llevar gafas y lentes de contacto.\",\"breadcrumb\":{\"@id\":\"https:\\\/\\\/www.lasikvisioninstitute.com\\\/es\\\/historia-de-un-paciente-de-lasik-ryan-s\\\/#breadcrumb\"},\"inLanguage\":\"es-ES\",\"potentialAction\":[{\"@type\":\"ReadAction\",\"target\":[\"https:\\\/\\\/www.lasikvisioninstitute.com\\\/es\\\/historia-de-un-paciente-de-lasik-ryan-s\\\/\"]}]},{\"@type\":\"BreadcrumbList\",\"@id\":\"https:\\\/\\\/www.lasikvisioninstitute.com\\\/es\\\/historia-de-un-paciente-de-lasik-ryan-s\\\/#breadcrumb\",\"itemListElement\":[{\"@type\":\"ListItem\",\"position\":1,\"name\":\"Portada\",\"item\":\"https:\\\/\\\/www.lasikvisioninstitute.com\\\/es\\\/\"},{\"@type\":\"ListItem\",\"position\":2,\"name\":\"Historia de un paciente de LASIK: Ryan S.\"}]},{\"@type\":\"WebSite\",\"@id\":\"https:\\\/\\\/www.lasikvisioninstitute.com\\\/es\\\/#website\",\"url\":\"https:\\\/\\\/www.lasikvisioninstitute.com\\\/es\\\/\",\"name\":\"The LASIK Vision Institute\",\"description\":\"1.4 Million LASIK Eye Surgeries and Counting\",\"publisher\":{\"@id\":\"https:\\\/\\\/www.lasikvisioninstitute.com\\\/es\\\/#organization\"},\"potentialAction\":[{\"@type\":\"SearchAction\",\"target\":{\"@type\":\"EntryPoint\",\"urlTemplate\":\"https:\\\/\\\/www.lasikvisioninstitute.com\\\/es\\\/?s={search_term_string}\"},\"query-input\":{\"@type\":\"PropertyValueSpecification\",\"valueRequired\":true,\"valueName\":\"search_term_string\"}}],\"inLanguage\":\"es-ES\"},{\"@type\":\"Organization\",\"@id\":\"https:\\\/\\\/www.lasikvisioninstitute.com\\\/es\\\/#organization\",\"name\":\"The LASIK Vision Institute\",\"url\":\"https:\\\/\\\/www.lasikvisioninstitute.com\\\/es\\\/\",\"logo\":{\"@type\":\"ImageObject\",\"inLanguage\":\"es-ES\",\"@id\":\"https:\\\/\\\/www.lasikvisioninstitute.com\\\/es\\\/#\\\/schema\\\/logo\\\/image\\\/\",\"url\":\"https:\\\/\\\/www.lasikvisioninstitute.com\\\/wp-content\\\/uploads\\\/2019\\\/10\\\/The-LASIK-Vision-Institute-Logo.png\",\"contentUrl\":\"https:\\\/\\\/www.lasikvisioninstitute.com\\\/wp-content\\\/uploads\\\/2019\\\/10\\\/The-LASIK-Vision-Institute-Logo.png\",\"width\":1000,\"height\":289,\"caption\":\"The LASIK Vision Institute\"},\"image\":{\"@id\":\"https:\\\/\\\/www.lasikvisioninstitute.com\\\/es\\\/#\\\/schema\\\/logo\\\/image\\\/\"}},{\"@type\":\"Person\",\"@id\":\"https:\\\/\\\/www.lasikvisioninstitute.com\\\/es\\\/#\\\/schema\\\/person\\\/ea7971f4d2f8a112a879b47a50aedb6b\",\"name\":\"Eddy Gilfilen\",\"image\":{\"@type\":\"ImageObject\",\"inLanguage\":\"es-ES\",\"@id\":\"https:\\\/\\\/secure.gravatar.com\\\/avatar\\\/fbf3f67b2a09a3ff9d95e264dc9b4d299c4b9579d44bd00942a2e096812cc05d?s=96&d=mm&r=g\",\"url\":\"https:\\\/\\\/secure.gravatar.com\\\/avatar\\\/fbf3f67b2a09a3ff9d95e264dc9b4d299c4b9579d44bd00942a2e096812cc05d?s=96&d=mm&r=g\",\"contentUrl\":\"https:\\\/\\\/secure.gravatar.com\\\/avatar\\\/fbf3f67b2a09a3ff9d95e264dc9b4d299c4b9579d44bd00942a2e096812cc05d?s=96&d=mm&r=g\",\"caption\":\"Eddy Gilfilen\"},\"url\":\"https:\\\/\\\/www.lasikvisioninstitute.com\\\/es\\\/author\\\/egilfilen\\\/\"}]}<\/script>\n<!-- \/ Yoast SEO plugin. -->","yoast_head_json":{"title":"Una real - Instituto de la Visi\u00f3n LASIK","description":"Ryan, un paciente real del LASIK Vision Institute, tom\u00f3 la decisi\u00f3n de someterse a la cirug\u00eda ocular LASIK tras a\u00f1os de llevar gafas y lentes de contacto.","robots":{"index":"index","follow":"follow","max-snippet":"max-snippet:-1","max-image-preview":"max-image-preview:large","max-video-preview":"max-video-preview:-1"},"canonical":"https:\/\/www.lasikvisioninstitute.com\/es\/historia-de-un-paciente-de-lasik-ryan-s\/","og_locale":"es_ES","og_type":"article","og_title":"Una real - Instituto de la Visi\u00f3n LASIK","og_description":"Ryan, un paciente real del LASIK Vision Institute, tom\u00f3 la decisi\u00f3n de someterse a la cirug\u00eda ocular LASIK tras a\u00f1os de llevar gafas y lentes de contacto.","og_url":"https:\/\/www.lasikvisioninstitute.com\/es\/historia-de-un-paciente-de-lasik-ryan-s\/","og_site_name":"The LASIK Vision Institute","article_published_time":"2018-09-10T17:08:08+00:00","og_image":[{"url":"https:\/\/www.lasikvisioninstitute.com\/wp-content\/uploads\/2018\/09\/LASIK-Patient-Ryan-S..png","type":"","width":"","height":""}],"author":"Eddy Gilfilen","twitter_card":"summary_large_image","twitter_image":"https:\/\/www.lasikvisioninstitute.com\/wp-content\/uploads\/2018\/09\/LASIK-Patient-Ryan-S..png","schema":{"@context":"https:\/\/schema.org","@graph":[{"@type":"Article","@id":"https:\/\/www.lasikvisioninstitute.com\/es\/historia-de-un-paciente-de-lasik-ryan-s\/#article","isPartOf":{"@id":"https:\/\/www.lasikvisioninstitute.com\/es\/historia-de-un-paciente-de-lasik-ryan-s\/"},"author":{"name":"Eddy Gilfilen","@id":"https:\/\/www.lasikvisioninstitute.com\/es\/#\/schema\/person\/ea7971f4d2f8a112a879b47a50aedb6b"},"headline":"Historia de un paciente de LASIK: Ryan S.","datePublished":"2018-09-10T17:08:08+00:00","mainEntityOfPage":{"@id":"https:\/\/www.lasikvisioninstitute.com\/es\/historia-de-un-paciente-de-lasik-ryan-s\/"},"wordCount":504,"publisher":{"@id":"https:\/\/www.lasikvisioninstitute.com\/es\/#organization"},"articleSection":["Sin categorizar","Testimonios sobre LASIK"],"inLanguage":"es-ES"},{"@type":"WebPage","@id":"https:\/\/www.lasikvisioninstitute.com\/es\/historia-de-un-paciente-de-lasik-ryan-s\/","url":"https:\/\/www.lasikvisioninstitute.com\/es\/historia-de-un-paciente-de-lasik-ryan-s\/","name":"Una real - Instituto de la Visi\u00f3n LASIK","isPartOf":{"@id":"https:\/\/www.lasikvisioninstitute.com\/es\/#website"},"datePublished":"2018-09-10T17:08:08+00:00","description":"Ryan, un paciente real del LASIK Vision Institute, tom\u00f3 la decisi\u00f3n de someterse a la cirug\u00eda ocular LASIK tras a\u00f1os de llevar gafas y lentes de contacto.","breadcrumb":{"@id":"https:\/\/www.lasikvisioninstitute.com\/es\/historia-de-un-paciente-de-lasik-ryan-s\/#breadcrumb"},"inLanguage":"es-ES","potentialAction":[{"@type":"ReadAction","target":["https:\/\/www.lasikvisioninstitute.com\/es\/historia-de-un-paciente-de-lasik-ryan-s\/"]}]},{"@type":"BreadcrumbList","@id":"https:\/\/www.lasikvisioninstitute.com\/es\/historia-de-un-paciente-de-lasik-ryan-s\/#breadcrumb","itemListElement":[{"@type":"ListItem","position":1,"name":"Portada","item":"https:\/\/www.lasikvisioninstitute.com\/es\/"},{"@type":"ListItem","position":2,"name":"Historia de un paciente de LASIK: Ryan S."}]},{"@type":"WebSite","@id":"https:\/\/www.lasikvisioninstitute.com\/es\/#website","url":"https:\/\/www.lasikvisioninstitute.com\/es\/","name":"The LASIK Vision Institute","description":"1.4 Million LASIK Eye Surgeries and Counting","publisher":{"@id":"https:\/\/www.lasikvisioninstitute.com\/es\/#organization"},"potentialAction":[{"@type":"SearchAction","target":{"@type":"EntryPoint","urlTemplate":"https:\/\/www.lasikvisioninstitute.com\/es\/?s={search_term_string}"},"query-input":{"@type":"PropertyValueSpecification","valueRequired":true,"valueName":"search_term_string"}}],"inLanguage":"es-ES"},{"@type":"Organization","@id":"https:\/\/www.lasikvisioninstitute.com\/es\/#organization","name":"The LASIK Vision Institute","url":"https:\/\/www.lasikvisioninstitute.com\/es\/","logo":{"@type":"ImageObject","inLanguage":"es-ES","@id":"https:\/\/www.lasikvisioninstitute.com\/es\/#\/schema\/logo\/image\/","url":"https:\/\/www.lasikvisioninstitute.com\/wp-content\/uploads\/2019\/10\/The-LASIK-Vision-Institute-Logo.png","contentUrl":"https:\/\/www.lasikvisioninstitute.com\/wp-content\/uploads\/2019\/10\/The-LASIK-Vision-Institute-Logo.png","width":1000,"height":289,"caption":"The LASIK Vision Institute"},"image":{"@id":"https:\/\/www.lasikvisioninstitute.com\/es\/#\/schema\/logo\/image\/"}},{"@type":"Person","@id":"https:\/\/www.lasikvisioninstitute.com\/es\/#\/schema\/person\/ea7971f4d2f8a112a879b47a50aedb6b","name":"Eddy Gilfilen","image":{"@type":"ImageObject","inLanguage":"es-ES","@id":"https:\/\/secure.gravatar.com\/avatar\/fbf3f67b2a09a3ff9d95e264dc9b4d299c4b9579d44bd00942a2e096812cc05d?s=96&d=mm&r=g","url":"https:\/\/secure.gravatar.com\/avatar\/fbf3f67b2a09a3ff9d95e264dc9b4d299c4b9579d44bd00942a2e096812cc05d?s=96&d=mm&r=g","contentUrl":"https:\/\/secure.gravatar.com\/avatar\/fbf3f67b2a09a3ff9d95e264dc9b4d299c4b9579d44bd00942a2e096812cc05d?s=96&d=mm&r=g","caption":"Eddy Gilfilen"},"url":"https:\/\/www.lasikvisioninstitute.com\/es\/author\/egilfilen\/"}]}},"_links":{"self":[{"href":"https:\/\/www.lasikvisioninstitute.com\/es\/wp-json\/wp\/v2\/posts\/165063","targetHints":{"allow":["GET"]}}],"collection":[{"href":"https:\/\/www.lasikvisioninstitute.com\/es\/wp-json\/wp\/v2\/posts"}],"about":[{"href":"https:\/\/www.lasikvisioninstitute.com\/es\/wp-json\/wp\/v2\/types\/post"}],"author":[{"embeddable":true,"href":"https:\/\/www.lasikvisioninstitute.com\/es\/wp-json\/wp\/v2\/users\/33"}],"replies":[{"embeddable":true,"href":"https:\/\/www.lasikvisioninstitute.com\/es\/wp-json\/wp\/v2\/comments?post=165063"}],"version-history":[{"count":0,"href":"https:\/\/www.lasikvisioninstitute.com\/es\/wp-json\/wp\/v2\/posts\/165063\/revisions"}],"wp:attachment":[{"href":"https:\/\/www.lasikvisioninstitute.com\/es\/wp-json\/wp\/v2\/media?parent=165063"}],"wp:term":[{"taxonomy":"category","embeddable":true,"href":"https:\/\/www.lasikvisioninstitute.com\/es\/wp-json\/wp\/v2\/categories?post=165063"}],"curies":[{"name":"wp","href":"https:\/\/api.w.org\/{rel}","templated":true}]}}