{"id":164911,"date":"2016-07-06T12:09:57","date_gmt":"2016-07-06T17:09:57","guid":{"rendered":"https:\/\/dev.lasikvisioninstitute.com\/proteccion-ocular-en-verano\/"},"modified":"2024-06-21T12:37:15","modified_gmt":"2024-06-21T17:37:15","slug":"proteccion-ocular-en-verano","status":"publish","type":"post","link":"https:\/\/www.lasikvisioninstitute.com\/es\/proteccion-ocular-en-verano\/","title":{"rendered":"Protecci\u00f3n ocular en verano"},"content":{"rendered":"\n<p>La mayor\u00eda de los pasatiempos populares del verano implican pasar tiempo al sol, ya sea en la piscina, en un partido de b\u00e9isbol o cuidando de tu jard\u00edn en una tarde soleada. Mientras est\u00e1s ocupado disfrutando de tus actividades veraniegas favoritas, es igualmente importante tener en cuenta la protecci\u00f3n de los ojos frente al sol. La luz ultravioleta (UV) del sol puede causar da\u00f1os a corto plazo, y la exposici\u00f3n prolongada a la luz UV es un factor clave que contribuye a muchos problemas comunes de visi\u00f3n.<\/p>\n\n<figure class=\"wp-block-image size-large\"><img decoding=\"async\" width=\"1400\" height=\"933\" src=\"https:\/\/www.lasikvisioninstitute.com\/wp-content\/uploads\/2016\/07\/2151013928-1400x933.jpg\" alt=\"protecci&#xF3;n ocular frente al sol\" class=\"wp-image-168508\" srcset=\"https:\/\/www.lasikvisioninstitute.com\/wp-content\/uploads\/2016\/07\/2151013928-1400x933.jpg 1400w, https:\/\/www.lasikvisioninstitute.com\/wp-content\/uploads\/2016\/07\/2151013928-600x400.jpg 600w, https:\/\/www.lasikvisioninstitute.com\/wp-content\/uploads\/2016\/07\/2151013928-768x512.jpg 768w, https:\/\/www.lasikvisioninstitute.com\/wp-content\/uploads\/2016\/07\/2151013928.jpg 1500w\" sizes=\"(max-width: 1400px) 100vw, 1400px\" \/><\/figure>\n\n<h2 class=\"wp-block-heading\">Protecci\u00f3n solar ocular al aire libre<\/h2>\n\n<p>Uno de los mayores conceptos err\u00f3neos sobre el verano es que un d\u00eda nublado significa que est\u00e1s a salvo de los peligrosos efectos secundarios de los rayos del sol. En realidad, la protecci\u00f3n ocular es igual de importante en los d\u00edas nublados, porque sigue entrando mucha luz a trav\u00e9s de las nubes. Lo mismo ocurre con los d\u00edas de verano m\u00e1s frescos que la media. El aire m\u00e1s fresco puede hacer que la luz solar <em>sea<\/em> menos intensa, pero no disminuye el riesgo derivado de los rayos UV. Durante el <a href=\"https:\/\/www.lasikvisioninstitute.com\/es\/no-pospongas-la-cirugia-lasik-este-verano\/\" target=\"_blank\" rel=\"noreferrer noopener\">verano<\/a>, siempre es mejor ir a lo seguro con tu salud ocular utilizando una protecci\u00f3n solar adecuada.<\/p>\n\n<ul class=\"wp-block-list\">\n<li><strong>Gafas de sol que bloquean los rayos UV &#8211; <\/strong>Hay gafas de sol de muchos estilos, y tener un par a mano es una gran decisi\u00f3n durante todo el a\u00f1o. La Academia Americana de Oftalmolog\u00eda recomienda elegir gafas de sol que lleven la etiqueta &#8220;100% protecci\u00f3n UV&#8221; y lentes que cubran todo el ojo. La buena noticia es que no tienes que gastarte mucho dinero para conseguir la protecci\u00f3n UV necesaria, ya que hay muchas opciones m\u00e1s baratas que cumplen perfectamente su funci\u00f3n.<\/li>\n\n\n\n<li><strong>No te olvides del sombrero &#8211; <\/strong>Adem\u00e1s de proporcionar una mayor protecci\u00f3n ocular, un sombrero de ala ancha ayuda a mantener la luz solar directa alejada de tu cara. Aunque una gorra de b\u00e9isbol no proporciona el mismo nivel de protecci\u00f3n ocular, sigue siendo una buena opci\u00f3n. Sin embargo, es importante recordar que el sombrero no sustituye a las gafas de sol con protecci\u00f3n UV. Es mejor tener ambos a mano, sobre todo si vas a pasar muchas horas al sol.<\/li>\n\n\n\n<li><strong>Protecci\u00f3n ocular al nadar <\/strong>&#8211; Pasar tiempo en la piscina, el lago o el mar es una forma divertida de refrescarse en verano, y conviene protegerse los ojos siempre que te des un chapuz\u00f3n. Algunas gafas de nataci\u00f3n ofrecen protecci\u00f3n UV, y te ayudan a mantener el agua fuera de los ojos, adem\u00e1s de protegerte de la luz solar. Recuerda que si llevas lentillas, es mejor quit\u00e1rtelas antes de ir a nadar.<\/li>\n\n\n\n<li><strong>Cuidado de los ni\u00f1os &#8211; <\/strong>Los ni\u00f1os pueden ser especialmente vulnerables a los efectos de la luz ultravioleta porque no s\u00f3lo suelen pasar m\u00e1s tiempo al aire libre, sino que no comprenden el peligro de los rayos solares, as\u00ed que aseg\u00farate de que tus peque\u00f1os tienen una amplia protecci\u00f3n ocular. Las gafas de sol, el sombrero y el protector solar tambi\u00e9n funcionan bien para los ni\u00f1os, as\u00ed que el truco est\u00e1 simplemente en conseguir que tus hijos los utilicen con regularidad. Merece la pena el esfuerzo.<\/li>\n\n\n\n<li><strong>Planificar el d\u00eda &#8211; <\/strong>Si planeas una actividad al aire libre, es mejor por la ma\u00f1ana o a \u00faltima hora de la tarde que a mediod\u00eda. El sol est\u00e1 en su punto m\u00e1s fuerte durante las horas del mediod\u00eda, desde las 12 en punto hasta las primeras horas de la tarde. Adem\u00e1s de ayudarte a evitar la luz ultravioleta m\u00e1s intensa, planificar el momento adecuado del d\u00eda te mantendr\u00e1 normalmente alejado del calor m\u00e1s intenso del verano.<\/li>\n<\/ul>\n\n<p>Protegerse los ojos cuando est\u00e1s al aire libre debe ser una prioridad durante todo el a\u00f1o, especialmente durante los meses de verano. Requerir\u00e1 pocos cambios en tu rutina, por no decir ninguno, y realmente marca la diferencia. Llevar un sombrero de ala ancha y un par de gafas de sol en tu veh\u00edculo es una forma estupenda de asegurarte de que tendr\u00e1s una amplia protecci\u00f3n ocular, te lleven donde te lleven tus actividades favoritas al aire libre.<\/p>\n\n<div style=\"height:100px\" aria-hidden=\"true\" class=\"wp-block-spacer\"><\/div>\n\n<hr class=\"wp-block-separator has-alpha-channel-opacity\"\/>\n\n<p class=\"has-small-font-size\">Fuente:<\/p>\n\n<p class=\"has-small-font-size\"><em>El calor aprieta: Aseg\u00farate de que las gafas protectoras de los pacientes tambi\u00e9n lo est\u00e9n<\/em>. (s.f.). AOA. <a href=\"https:\/\/www.aoa.org\/news\/clinical-eye-care\/health-and-wellness\/protecting-patients-eye-summer?sso=y\" target=\"_blank\" rel=\"noreferrer noopener\">https:\/\/www.aoa.org\/news\/clinical-eye-care\/health-and-wellness\/protecting-patients-eye-summer?sso=y<\/a><\/p>\n","protected":false},"excerpt":{"rendered":"<p>La mayor\u00eda de los pasatiempos populares del verano implican pasar tiempo al sol, ya sea en la piscina, en un partido de b\u00e9isbol o cuidando de tu jard\u00edn en una tarde soleada. Mientras est\u00e1s ocupado disfrutando de tus actividades veraniegas favoritas, es igualmente importante tener en cuenta la protecci\u00f3n de los ojos frente al sol. [&hellip;]<\/p>\n","protected":false},"author":33,"featured_media":168507,"comment_status":"closed","ping_status":"closed","sticky":false,"template":"","format":"standard","meta":{"_acf_changed":false,"footnotes":""},"categories":[912],"class_list":{"0":"post-164911","1":"post","2":"type-post","3":"status-publish","4":"format-standard","5":"has-post-thumbnail","7":"category-salud-ocular-lasik"},"acf":[],"yoast_head":"<!-- This site is optimized with the Yoast SEO plugin v27.5 - https:\/\/yoast.com\/product\/yoast-seo-wordpress\/ -->\n<title>Protecci\u00f3n ocular en verano - LASIK Vision Institute<\/title>\n<meta name=\"description\" content=\"Mientras est\u00e1s ocupado disfrutando de las actividades veraniegas, es importante que tengas en cuenta la protecci\u00f3n de los ojos frente al sol.\" \/>\n<meta name=\"robots\" content=\"index, follow, max-snippet:-1, max-image-preview:large, max-video-preview:-1\" \/>\n<link rel=\"canonical\" href=\"https:\/\/www.lasikvisioninstitute.com\/es\/proteccion-ocular-en-verano\/\" \/>\n<meta property=\"og:locale\" content=\"es_ES\" \/>\n<meta property=\"og:type\" content=\"article\" \/>\n<meta property=\"og:title\" content=\"Protecci\u00f3n ocular en verano - LASIK Vision Institute\" \/>\n<meta property=\"og:description\" content=\"Mientras est\u00e1s ocupado disfrutando de las actividades veraniegas, es importante que tengas en cuenta la protecci\u00f3n de los ojos frente al sol.\" \/>\n<meta property=\"og:url\" content=\"https:\/\/www.lasikvisioninstitute.com\/es\/proteccion-ocular-en-verano\/\" \/>\n<meta property=\"og:site_name\" content=\"The LASIK Vision Institute\" \/>\n<meta property=\"article:published_time\" content=\"2016-07-06T17:09:57+00:00\" \/>\n<meta property=\"article:modified_time\" content=\"2024-06-21T17:37:15+00:00\" \/>\n<meta property=\"og:image\" content=\"https:\/\/www.lasikvisioninstitute.com\/wp-content\/uploads\/2016\/07\/7641.jpg\" \/>\n\t<meta property=\"og:image:width\" content=\"1500\" \/>\n\t<meta property=\"og:image:height\" content=\"1000\" \/>\n\t<meta property=\"og:image:type\" content=\"image\/jpeg\" \/>\n<meta name=\"author\" content=\"Eddy Gilfilen\" \/>\n<meta name=\"twitter:card\" content=\"summary_large_image\" \/>\n<script type=\"application\/ld+json\" class=\"yoast-schema-graph\">{\"@context\":\"https:\\\/\\\/schema.org\",\"@graph\":[{\"@type\":\"Article\",\"@id\":\"https:\\\/\\\/www.lasikvisioninstitute.com\\\/es\\\/proteccion-ocular-en-verano\\\/#article\",\"isPartOf\":{\"@id\":\"https:\\\/\\\/www.lasikvisioninstitute.com\\\/es\\\/proteccion-ocular-en-verano\\\/\"},\"author\":{\"name\":\"Eddy Gilfilen\",\"@id\":\"https:\\\/\\\/www.lasikvisioninstitute.com\\\/es\\\/#\\\/schema\\\/person\\\/ea7971f4d2f8a112a879b47a50aedb6b\"},\"headline\":\"Protecci\u00f3n ocular en verano\",\"datePublished\":\"2016-07-06T17:09:57+00:00\",\"dateModified\":\"2024-06-21T17:37:15+00:00\",\"mainEntityOfPage\":{\"@id\":\"https:\\\/\\\/www.lasikvisioninstitute.com\\\/es\\\/proteccion-ocular-en-verano\\\/\"},\"wordCount\":772,\"publisher\":{\"@id\":\"https:\\\/\\\/www.lasikvisioninstitute.com\\\/es\\\/#organization\"},\"image\":{\"@id\":\"https:\\\/\\\/www.lasikvisioninstitute.com\\\/es\\\/proteccion-ocular-en-verano\\\/#primaryimage\"},\"thumbnailUrl\":\"https:\\\/\\\/www.lasikvisioninstitute.com\\\/wp-content\\\/uploads\\\/2016\\\/07\\\/7641.jpg\",\"articleSection\":[\"Salud ocular LASIK\"],\"inLanguage\":\"es-ES\"},{\"@type\":\"WebPage\",\"@id\":\"https:\\\/\\\/www.lasikvisioninstitute.com\\\/es\\\/proteccion-ocular-en-verano\\\/\",\"url\":\"https:\\\/\\\/www.lasikvisioninstitute.com\\\/es\\\/proteccion-ocular-en-verano\\\/\",\"name\":\"Protecci\u00f3n ocular en verano - LASIK Vision Institute\",\"isPartOf\":{\"@id\":\"https:\\\/\\\/www.lasikvisioninstitute.com\\\/es\\\/#website\"},\"primaryImageOfPage\":{\"@id\":\"https:\\\/\\\/www.lasikvisioninstitute.com\\\/es\\\/proteccion-ocular-en-verano\\\/#primaryimage\"},\"image\":{\"@id\":\"https:\\\/\\\/www.lasikvisioninstitute.com\\\/es\\\/proteccion-ocular-en-verano\\\/#primaryimage\"},\"thumbnailUrl\":\"https:\\\/\\\/www.lasikvisioninstitute.com\\\/wp-content\\\/uploads\\\/2016\\\/07\\\/7641.jpg\",\"datePublished\":\"2016-07-06T17:09:57+00:00\",\"dateModified\":\"2024-06-21T17:37:15+00:00\",\"description\":\"Mientras est\u00e1s ocupado disfrutando de las actividades veraniegas, es importante que tengas en cuenta la protecci\u00f3n de los ojos frente al sol.\",\"breadcrumb\":{\"@id\":\"https:\\\/\\\/www.lasikvisioninstitute.com\\\/es\\\/proteccion-ocular-en-verano\\\/#breadcrumb\"},\"inLanguage\":\"es-ES\",\"potentialAction\":[{\"@type\":\"ReadAction\",\"target\":[\"https:\\\/\\\/www.lasikvisioninstitute.com\\\/es\\\/proteccion-ocular-en-verano\\\/\"]}]},{\"@type\":\"ImageObject\",\"inLanguage\":\"es-ES\",\"@id\":\"https:\\\/\\\/www.lasikvisioninstitute.com\\\/es\\\/proteccion-ocular-en-verano\\\/#primaryimage\",\"url\":\"https:\\\/\\\/www.lasikvisioninstitute.com\\\/wp-content\\\/uploads\\\/2016\\\/07\\\/7641.jpg\",\"contentUrl\":\"https:\\\/\\\/www.lasikvisioninstitute.com\\\/wp-content\\\/uploads\\\/2016\\\/07\\\/7641.jpg\",\"width\":1500,\"height\":1000,\"caption\":\"sunglass eye protection\"},{\"@type\":\"BreadcrumbList\",\"@id\":\"https:\\\/\\\/www.lasikvisioninstitute.com\\\/es\\\/proteccion-ocular-en-verano\\\/#breadcrumb\",\"itemListElement\":[{\"@type\":\"ListItem\",\"position\":1,\"name\":\"Portada\",\"item\":\"https:\\\/\\\/www.lasikvisioninstitute.com\\\/es\\\/\"},{\"@type\":\"ListItem\",\"position\":2,\"name\":\"Protecci\u00f3n ocular en verano\"}]},{\"@type\":\"WebSite\",\"@id\":\"https:\\\/\\\/www.lasikvisioninstitute.com\\\/es\\\/#website\",\"url\":\"https:\\\/\\\/www.lasikvisioninstitute.com\\\/es\\\/\",\"name\":\"The LASIK Vision Institute\",\"description\":\"1.4 Million LASIK Eye Surgeries and Counting\",\"publisher\":{\"@id\":\"https:\\\/\\\/www.lasikvisioninstitute.com\\\/es\\\/#organization\"},\"potentialAction\":[{\"@type\":\"SearchAction\",\"target\":{\"@type\":\"EntryPoint\",\"urlTemplate\":\"https:\\\/\\\/www.lasikvisioninstitute.com\\\/es\\\/?s={search_term_string}\"},\"query-input\":{\"@type\":\"PropertyValueSpecification\",\"valueRequired\":true,\"valueName\":\"search_term_string\"}}],\"inLanguage\":\"es-ES\"},{\"@type\":\"Organization\",\"@id\":\"https:\\\/\\\/www.lasikvisioninstitute.com\\\/es\\\/#organization\",\"name\":\"The LASIK Vision Institute\",\"url\":\"https:\\\/\\\/www.lasikvisioninstitute.com\\\/es\\\/\",\"logo\":{\"@type\":\"ImageObject\",\"inLanguage\":\"es-ES\",\"@id\":\"https:\\\/\\\/www.lasikvisioninstitute.com\\\/es\\\/#\\\/schema\\\/logo\\\/image\\\/\",\"url\":\"https:\\\/\\\/www.lasikvisioninstitute.com\\\/wp-content\\\/uploads\\\/2019\\\/10\\\/The-LASIK-Vision-Institute-Logo.png\",\"contentUrl\":\"https:\\\/\\\/www.lasikvisioninstitute.com\\\/wp-content\\\/uploads\\\/2019\\\/10\\\/The-LASIK-Vision-Institute-Logo.png\",\"width\":1000,\"height\":289,\"caption\":\"The LASIK Vision Institute\"},\"image\":{\"@id\":\"https:\\\/\\\/www.lasikvisioninstitute.com\\\/es\\\/#\\\/schema\\\/logo\\\/image\\\/\"}},{\"@type\":\"Person\",\"@id\":\"https:\\\/\\\/www.lasikvisioninstitute.com\\\/es\\\/#\\\/schema\\\/person\\\/ea7971f4d2f8a112a879b47a50aedb6b\",\"name\":\"Eddy Gilfilen\",\"image\":{\"@type\":\"ImageObject\",\"inLanguage\":\"es-ES\",\"@id\":\"https:\\\/\\\/secure.gravatar.com\\\/avatar\\\/fbf3f67b2a09a3ff9d95e264dc9b4d299c4b9579d44bd00942a2e096812cc05d?s=96&d=mm&r=g\",\"url\":\"https:\\\/\\\/secure.gravatar.com\\\/avatar\\\/fbf3f67b2a09a3ff9d95e264dc9b4d299c4b9579d44bd00942a2e096812cc05d?s=96&d=mm&r=g\",\"contentUrl\":\"https:\\\/\\\/secure.gravatar.com\\\/avatar\\\/fbf3f67b2a09a3ff9d95e264dc9b4d299c4b9579d44bd00942a2e096812cc05d?s=96&d=mm&r=g\",\"caption\":\"Eddy Gilfilen\"},\"url\":\"https:\\\/\\\/www.lasikvisioninstitute.com\\\/es\\\/author\\\/egilfilen\\\/\"}]}<\/script>\n<!-- \/ Yoast SEO plugin. -->","yoast_head_json":{"title":"Protecci\u00f3n ocular en verano - LASIK Vision Institute","description":"Mientras est\u00e1s ocupado disfrutando de las actividades veraniegas, es importante que tengas en cuenta la protecci\u00f3n de los ojos frente al sol.","robots":{"index":"index","follow":"follow","max-snippet":"max-snippet:-1","max-image-preview":"max-image-preview:large","max-video-preview":"max-video-preview:-1"},"canonical":"https:\/\/www.lasikvisioninstitute.com\/es\/proteccion-ocular-en-verano\/","og_locale":"es_ES","og_type":"article","og_title":"Protecci\u00f3n ocular en verano - LASIK Vision Institute","og_description":"Mientras est\u00e1s ocupado disfrutando de las actividades veraniegas, es importante que tengas en cuenta la protecci\u00f3n de los ojos frente al sol.","og_url":"https:\/\/www.lasikvisioninstitute.com\/es\/proteccion-ocular-en-verano\/","og_site_name":"The LASIK Vision Institute","article_published_time":"2016-07-06T17:09:57+00:00","article_modified_time":"2024-06-21T17:37:15+00:00","og_image":[{"width":1500,"height":1000,"url":"https:\/\/www.lasikvisioninstitute.com\/wp-content\/uploads\/2016\/07\/7641.jpg","type":"image\/jpeg"}],"author":"Eddy Gilfilen","twitter_card":"summary_large_image","schema":{"@context":"https:\/\/schema.org","@graph":[{"@type":"Article","@id":"https:\/\/www.lasikvisioninstitute.com\/es\/proteccion-ocular-en-verano\/#article","isPartOf":{"@id":"https:\/\/www.lasikvisioninstitute.com\/es\/proteccion-ocular-en-verano\/"},"author":{"name":"Eddy Gilfilen","@id":"https:\/\/www.lasikvisioninstitute.com\/es\/#\/schema\/person\/ea7971f4d2f8a112a879b47a50aedb6b"},"headline":"Protecci\u00f3n ocular en verano","datePublished":"2016-07-06T17:09:57+00:00","dateModified":"2024-06-21T17:37:15+00:00","mainEntityOfPage":{"@id":"https:\/\/www.lasikvisioninstitute.com\/es\/proteccion-ocular-en-verano\/"},"wordCount":772,"publisher":{"@id":"https:\/\/www.lasikvisioninstitute.com\/es\/#organization"},"image":{"@id":"https:\/\/www.lasikvisioninstitute.com\/es\/proteccion-ocular-en-verano\/#primaryimage"},"thumbnailUrl":"https:\/\/www.lasikvisioninstitute.com\/wp-content\/uploads\/2016\/07\/7641.jpg","articleSection":["Salud ocular LASIK"],"inLanguage":"es-ES"},{"@type":"WebPage","@id":"https:\/\/www.lasikvisioninstitute.com\/es\/proteccion-ocular-en-verano\/","url":"https:\/\/www.lasikvisioninstitute.com\/es\/proteccion-ocular-en-verano\/","name":"Protecci\u00f3n ocular en verano - LASIK Vision Institute","isPartOf":{"@id":"https:\/\/www.lasikvisioninstitute.com\/es\/#website"},"primaryImageOfPage":{"@id":"https:\/\/www.lasikvisioninstitute.com\/es\/proteccion-ocular-en-verano\/#primaryimage"},"image":{"@id":"https:\/\/www.lasikvisioninstitute.com\/es\/proteccion-ocular-en-verano\/#primaryimage"},"thumbnailUrl":"https:\/\/www.lasikvisioninstitute.com\/wp-content\/uploads\/2016\/07\/7641.jpg","datePublished":"2016-07-06T17:09:57+00:00","dateModified":"2024-06-21T17:37:15+00:00","description":"Mientras est\u00e1s ocupado disfrutando de las actividades veraniegas, es importante que tengas en cuenta la protecci\u00f3n de los ojos frente al sol.","breadcrumb":{"@id":"https:\/\/www.lasikvisioninstitute.com\/es\/proteccion-ocular-en-verano\/#breadcrumb"},"inLanguage":"es-ES","potentialAction":[{"@type":"ReadAction","target":["https:\/\/www.lasikvisioninstitute.com\/es\/proteccion-ocular-en-verano\/"]}]},{"@type":"ImageObject","inLanguage":"es-ES","@id":"https:\/\/www.lasikvisioninstitute.com\/es\/proteccion-ocular-en-verano\/#primaryimage","url":"https:\/\/www.lasikvisioninstitute.com\/wp-content\/uploads\/2016\/07\/7641.jpg","contentUrl":"https:\/\/www.lasikvisioninstitute.com\/wp-content\/uploads\/2016\/07\/7641.jpg","width":1500,"height":1000,"caption":"sunglass eye protection"},{"@type":"BreadcrumbList","@id":"https:\/\/www.lasikvisioninstitute.com\/es\/proteccion-ocular-en-verano\/#breadcrumb","itemListElement":[{"@type":"ListItem","position":1,"name":"Portada","item":"https:\/\/www.lasikvisioninstitute.com\/es\/"},{"@type":"ListItem","position":2,"name":"Protecci\u00f3n ocular en verano"}]},{"@type":"WebSite","@id":"https:\/\/www.lasikvisioninstitute.com\/es\/#website","url":"https:\/\/www.lasikvisioninstitute.com\/es\/","name":"The LASIK Vision Institute","description":"1.4 Million LASIK Eye Surgeries and Counting","publisher":{"@id":"https:\/\/www.lasikvisioninstitute.com\/es\/#organization"},"potentialAction":[{"@type":"SearchAction","target":{"@type":"EntryPoint","urlTemplate":"https:\/\/www.lasikvisioninstitute.com\/es\/?s={search_term_string}"},"query-input":{"@type":"PropertyValueSpecification","valueRequired":true,"valueName":"search_term_string"}}],"inLanguage":"es-ES"},{"@type":"Organization","@id":"https:\/\/www.lasikvisioninstitute.com\/es\/#organization","name":"The LASIK Vision Institute","url":"https:\/\/www.lasikvisioninstitute.com\/es\/","logo":{"@type":"ImageObject","inLanguage":"es-ES","@id":"https:\/\/www.lasikvisioninstitute.com\/es\/#\/schema\/logo\/image\/","url":"https:\/\/www.lasikvisioninstitute.com\/wp-content\/uploads\/2019\/10\/The-LASIK-Vision-Institute-Logo.png","contentUrl":"https:\/\/www.lasikvisioninstitute.com\/wp-content\/uploads\/2019\/10\/The-LASIK-Vision-Institute-Logo.png","width":1000,"height":289,"caption":"The LASIK Vision Institute"},"image":{"@id":"https:\/\/www.lasikvisioninstitute.com\/es\/#\/schema\/logo\/image\/"}},{"@type":"Person","@id":"https:\/\/www.lasikvisioninstitute.com\/es\/#\/schema\/person\/ea7971f4d2f8a112a879b47a50aedb6b","name":"Eddy Gilfilen","image":{"@type":"ImageObject","inLanguage":"es-ES","@id":"https:\/\/secure.gravatar.com\/avatar\/fbf3f67b2a09a3ff9d95e264dc9b4d299c4b9579d44bd00942a2e096812cc05d?s=96&d=mm&r=g","url":"https:\/\/secure.gravatar.com\/avatar\/fbf3f67b2a09a3ff9d95e264dc9b4d299c4b9579d44bd00942a2e096812cc05d?s=96&d=mm&r=g","contentUrl":"https:\/\/secure.gravatar.com\/avatar\/fbf3f67b2a09a3ff9d95e264dc9b4d299c4b9579d44bd00942a2e096812cc05d?s=96&d=mm&r=g","caption":"Eddy Gilfilen"},"url":"https:\/\/www.lasikvisioninstitute.com\/es\/author\/egilfilen\/"}]}},"_links":{"self":[{"href":"https:\/\/www.lasikvisioninstitute.com\/es\/wp-json\/wp\/v2\/posts\/164911","targetHints":{"allow":["GET"]}}],"collection":[{"href":"https:\/\/www.lasikvisioninstitute.com\/es\/wp-json\/wp\/v2\/posts"}],"about":[{"href":"https:\/\/www.lasikvisioninstitute.com\/es\/wp-json\/wp\/v2\/types\/post"}],"author":[{"embeddable":true,"href":"https:\/\/www.lasikvisioninstitute.com\/es\/wp-json\/wp\/v2\/users\/33"}],"replies":[{"embeddable":true,"href":"https:\/\/www.lasikvisioninstitute.com\/es\/wp-json\/wp\/v2\/comments?post=164911"}],"version-history":[{"count":0,"href":"https:\/\/www.lasikvisioninstitute.com\/es\/wp-json\/wp\/v2\/posts\/164911\/revisions"}],"wp:featuredmedia":[{"embeddable":true,"href":"https:\/\/www.lasikvisioninstitute.com\/es\/wp-json\/wp\/v2\/media\/168507"}],"wp:attachment":[{"href":"https:\/\/www.lasikvisioninstitute.com\/es\/wp-json\/wp\/v2\/media?parent=164911"}],"wp:term":[{"taxonomy":"category","embeddable":true,"href":"https:\/\/www.lasikvisioninstitute.com\/es\/wp-json\/wp\/v2\/categories?post=164911"}],"curies":[{"name":"wp","href":"https:\/\/api.w.org\/{rel}","templated":true}]}}